{"id":5072,"date":"2026-08-27T16:57:42","date_gmt":"2026-08-27T14:57:42","guid":{"rendered":"https:\/\/fromagedeherve.com\/2026\/08\/27\/foire-agricole-de-battice-herve-2026\/"},"modified":"2026-09-03T13:34:47","modified_gmt":"2026-09-03T11:34:47","slug":"foire-agricole-de-battice-herve-2026","status":"publish","type":"post","link":"https:\/\/fromagedeherve.com\/nl\/2026\/08\/27\/foire-agricole-de-battice-herve-2026\/","title":{"rendered":"Foire Agricole de Battice-Herve 2026"},"content":{"rendered":"\t\t<div data-elementor-type=\"wp-post\" data-elementor-id=\"5072\" class=\"elementor elementor-5072 elementor-5034\" data-elementor-settings=\"{&quot;ha_cmc_init_switcher&quot;:&quot;no&quot;}\" data-elementor-post-type=\"post\">\n\t\t\t\t\t\t<section class=\"elementor-section elementor-top-section elementor-element elementor-element-4c5c751 elementor-section-boxed elementor-section-height-default elementor-section-height-default\" data-id=\"4c5c751\" data-element_type=\"section\" data-e-type=\"section\" data-settings=\"{&quot;_ha_eqh_enable&quot;:false}\">\n\t\t\t\t\t\t<div class=\"elementor-container elementor-column-gap-default\">\n\t\t\t\t\t<div class=\"elementor-column elementor-col-66 elementor-top-column elementor-element elementor-element-39254ca\" data-id=\"39254ca\" data-element_type=\"column\" data-e-type=\"column\">\n\t\t\t<div class=\"elementor-widget-wrap elementor-element-populated\">\n\t\t\t\t\t\t<div class=\"elementor-element elementor-element-8e9c835 elementor-widget elementor-widget-heading\" data-id=\"8e9c835\" data-element_type=\"widget\" data-e-type=\"widget\" data-widget_type=\"heading.default\">\n\t\t\t\t\t<h2 class=\"elementor-heading-title elementor-size-default\">30 jaar HERVEKAAS BOB!<\/h2>\t\t\t\t<\/div>\n\t\t\t\t<div class=\"elementor-element elementor-element-656f46e elementor-widget elementor-widget-text-editor\" data-id=\"656f46e\" data-element_type=\"widget\" data-e-type=\"widget\" data-widget_type=\"text-editor.default\">\n\t\t\t\t\t\t\t\t\t<p>In 2026 viert de vzw Fromage de Herve dat het 30 jaar geleden is dat de AOP werd toegekend. Dit jubileum wordt gevierd tijdens een speciale dag die op 4 oktober 2026 in Herve wordt georganiseerd. Noteer deze datum alvast in je agenda!  <\/p>\n<div class=\"x14z9mp xat24cr x1lziwak x1vvkbs xtlvy1s\">\n<p>Maar kom daarvoor eerst naar de Houten Hal\/Thema-hal en neem de hele dag deel aan diverse activiteiten:<\/p>\n<ul>\n<li>Workshop over de bereiding van Herve-kaas: een ambacht om te ontdekken!<br \/>Wees erbij wanneer de enige Belgische kaas met een Beschermde Oorsprongsbenaming (BOB) live wordt gemaakt.<br \/>Ontdek de verschillende productiestappen, van melk tot de beroemde kaas met gewassen korst, dankzij de uitleg van een gepassioneerde kaasmaker. Een onderdompeling in het hart van de streek van het Pays de Herve en zijn kaaserfgoed.<br \/>Kom naar de houten hal om deze smakelijke activiteit te ontdekken, die een uniek lokaal product in de schijnwerpers zet! <\/li>\n<li>Melkkoe: kom eens proberen hoe het is om onze koe Marguerite te melken<\/li>\n<li>Geluksuier: draai aan de uier van de koe en maak kans op een van de vele prijzen die te winnen zijn, waaronder natuurlijk heerlijke Herve-kazen<\/li>\n<li>Het ganzenbordspel\u2026 Eh, het koeienbordspel (bordspel: Het \u201eGanzenbordspel\u2026 eh\u2026 koeienbordspel\u201d is bedoeld voor gezinnen en kinderen van 8 tot 12 jaar en laat je op een leuke manier het Pays de Herve ontdekken.)<\/li>\n<li>Fotosessies met Hervichou, de mascotte van de kaasproducenten van Herve: ter gelegenheid van het 30-jarig jubileum van de AOP van de Herve-kaas kunt u samen met onze mascotte Hervichou poseren in een landelijke setting! Er staan verschillende sessies van 30 minuten op het programma. Hervichou zal gedurende de dag ook rondlopen op het beursterrein.  <\/li>\n<\/ul>\n<div>We kijken ernaar uit om u daar te ontmoeten!<\/div>\n<\/div>\t\t\t\t\t\t\t\t<\/div>\n\t\t\t\t\t<\/div>\n\t\t<\/div>\n\t\t\t\t<div class=\"elementor-column elementor-col-33 elementor-top-column elementor-element elementor-element-12636ef\" data-id=\"12636ef\" data-element_type=\"column\" data-e-type=\"column\">\n\t\t\t<div class=\"elementor-widget-wrap elementor-element-populated\">\n\t\t\t\t\t\t<div class=\"elementor-element elementor-element-a9310f6 elementor-widget elementor-widget-image\" data-id=\"a9310f6\" data-element_type=\"widget\" data-e-type=\"widget\" data-widget_type=\"image.default\">\n\t\t\t\t\t\t\t\t\t\t\t\t\t\t\t<img fetchpriority=\"high\" decoding=\"async\" width=\"800\" height=\"566\" src=\"https:\/\/fromagedeherve.com\/wp-content\/uploads\/2026\/08\/Foire-Agricole-Battice-stand-FDH-Hervichou-mascotte_2025\u00a9FDH-MT-Pays-de-Herve-1024x724.jpg\" class=\"attachment-large size-large wp-image-5041\" alt=\"Foire Agricole de Battice-Herve\" srcset=\"https:\/\/fromagedeherve.com\/wp-content\/uploads\/2026\/08\/Foire-Agricole-Battice-stand-FDH-Hervichou-mascotte_2025\u00a9FDH-MT-Pays-de-Herve-1024x724.jpg 1024w, https:\/\/fromagedeherve.com\/wp-content\/uploads\/2026\/08\/Foire-Agricole-Battice-stand-FDH-Hervichou-mascotte_2025\u00a9FDH-MT-Pays-de-Herve-768x543.jpg 768w, https:\/\/fromagedeherve.com\/wp-content\/uploads\/2026\/08\/Foire-Agricole-Battice-stand-FDH-Hervichou-mascotte_2025\u00a9FDH-MT-Pays-de-Herve-1536x1086.jpg 1536w, https:\/\/fromagedeherve.com\/wp-content\/uploads\/2026\/08\/Foire-Agricole-Battice-stand-FDH-Hervichou-mascotte_2025\u00a9FDH-MT-Pays-de-Herve.jpg 1565w\" sizes=\"(max-width: 800px) 100vw, 800px\" \/>\t\t\t\t\t\t\t\t\t\t\t\t\t\t\t<\/div>\n\t\t\t\t<div class=\"elementor-element elementor-element-d504ec2 elementor-widget elementor-widget-image\" data-id=\"d504ec2\" data-element_type=\"widget\" data-e-type=\"widget\" data-widget_type=\"image.default\">\n\t\t\t\t\t\t\t\t\t\t\t\t\t\t\t<img decoding=\"async\" width=\"800\" height=\"600\" src=\"https:\/\/fromagedeherve.com\/wp-content\/uploads\/2026\/08\/Foire-Agricole2023_vache-a-traire-samedi-1-1024x768.jpg\" class=\"attachment-large size-large wp-image-5043\" alt=\"Vache \u00e0 traire\" srcset=\"https:\/\/fromagedeherve.com\/wp-content\/uploads\/2026\/08\/Foire-Agricole2023_vache-a-traire-samedi-1-1024x768.jpg 1024w, https:\/\/fromagedeherve.com\/wp-content\/uploads\/2026\/08\/Foire-Agricole2023_vache-a-traire-samedi-1-768x576.jpg 768w, https:\/\/fromagedeherve.com\/wp-content\/uploads\/2026\/08\/Foire-Agricole2023_vache-a-traire-samedi-1-1536x1152.jpg 1536w, https:\/\/fromagedeherve.com\/wp-content\/uploads\/2026\/08\/Foire-Agricole2023_vache-a-traire-samedi-1.jpg 2016w\" sizes=\"(max-width: 800px) 100vw, 800px\" \/>\t\t\t\t\t\t\t\t\t\t\t\t\t\t\t<\/div>\n\t\t\t\t\t<\/div>\n\t\t<\/div>\n\t\t\t\t\t<\/div>\n\t\t<\/section>\n\t\t\t\t<section class=\"elementor-section elementor-top-section elementor-element elementor-element-36b9486 elementor-section-boxed elementor-section-height-default elementor-section-height-default\" data-id=\"36b9486\" data-element_type=\"section\" data-e-type=\"section\" data-settings=\"{&quot;_ha_eqh_enable&quot;:false}\">\n\t\t\t\t\t\t<div class=\"elementor-container elementor-column-gap-default\">\n\t\t\t\t\t<div class=\"elementor-column elementor-col-100 elementor-top-column elementor-element elementor-element-488923c\" data-id=\"488923c\" data-element_type=\"column\" data-e-type=\"column\">\n\t\t\t<div class=\"elementor-widget-wrap elementor-element-populated\">\n\t\t\t\t\t\t<div class=\"elementor-element elementor-element-36d86a7 elementor-align-center elementor-widget elementor-widget-button\" data-id=\"36d86a7\" data-element_type=\"widget\" data-e-type=\"widget\" data-widget_type=\"button.default\">\n\t\t\t\t\t\t\t\t\t\t<a class=\"elementor-button elementor-button-link elementor-size-sm\" href=\"https:\/\/www.foireagricole.be\/\">\n\t\t\t\t\t\t<span class=\"elementor-button-content-wrapper\">\n\t\t\t\t\t\t\t\t\t<span class=\"elementor-button-text\">FOIRE AGRICOLE DE BATTICE-HERVE 2026<\/span>\n\t\t\t\t\t<\/span>\n\t\t\t\t\t<\/a>\n\t\t\t\t\t\t\t\t<\/div>\n\t\t\t\t\t<\/div>\n\t\t<\/div>\n\t\t\t\t\t<\/div>\n\t\t<\/section>\n\t\t\t\t<\/div>\n\t\t","protected":false},"excerpt":{"rendered":"<p>\ud83d\udc04Ter gelegenheid van het 30-jarig jubileum van de FROMAGE DE HERVE AOP zullen we uiteraard samen met de vzw Fromage de Herve en Hervichou op 5 en 6 september aanstaande aanwezig zijn op de LANDBOUWBEURS VAN BATTICE-HERVE! \ud83d\ude04\ud83e\uddc0 <\/p>\n","protected":false},"author":3,"featured_media":5036,"comment_status":"closed","ping_status":"closed","sticky":false,"template":"","format":"standard","meta":{"footnotes":""},"categories":[43],"tags":[],"class_list":["post-5072","post","type-post","status-publish","format-standard","has-post-thumbnail","hentry","category-nieuws"],"yoast_head":"<!-- This site is optimized with the Yoast SEO plugin v25.8 - https:\/\/yoast.com\/wordpress\/plugins\/seo\/ -->\n<title>Foire Agricole de Battice-Herve 2026 - ASBL Fromage de Herve<\/title>\n<meta name=\"description\" content=\"Tous \u00e0 Herve, c&#039;est Capital ! Ev\u00e9nement festif organis\u00e9 dans le cadre des 30 ans de l&#039;obtention de l&#039;AOP fromage de Herve le 4 octobre 2026.\" \/>\n<meta name=\"robots\" content=\"index, follow, max-snippet:-1, max-image-preview:large, max-video-preview:-1\" \/>\n<link rel=\"canonical\" href=\"https:\/\/fromagedeherve.com\/nl\/2026\/08\/27\/foire-agricole-de-battice-herve-2026\/\" \/>\n<meta property=\"og:locale\" content=\"nl_NL\" \/>\n<meta property=\"og:type\" content=\"article\" \/>\n<meta property=\"og:title\" content=\"Foire Agricole de Battice-Herve 2026 - ASBL Fromage de Herve\" \/>\n<meta property=\"og:description\" content=\"Tous \u00e0 Herve, c&#039;est Capital ! Ev\u00e9nement festif organis\u00e9 dans le cadre des 30 ans de l&#039;obtention de l&#039;AOP fromage de Herve le 4 octobre 2026.\" \/>\n<meta property=\"og:url\" content=\"https:\/\/fromagedeherve.com\/nl\/2026\/08\/27\/foire-agricole-de-battice-herve-2026\/\" \/>\n<meta property=\"og:site_name\" content=\"ASBL Fromage de Herve\" \/>\n<meta property=\"article:published_time\" content=\"2026-08-27T14:57:42+00:00\" \/>\n<meta property=\"article:modified_time\" content=\"2026-09-03T11:34:47+00:00\" \/>\n<meta property=\"og:image\" content=\"https:\/\/fromagedeherve.com\/wp-content\/uploads\/2026\/08\/A-la-Une-Foire-Agricole-Battice-2026.png\" \/>\n\t<meta property=\"og:image:width\" content=\"700\" \/>\n\t<meta property=\"og:image:height\" content=\"600\" \/>\n\t<meta property=\"og:image:type\" content=\"image\/png\" \/>\n<meta name=\"author\" content=\"amasset\" \/>\n<meta name=\"twitter:card\" content=\"summary_large_image\" \/>\n<meta name=\"twitter:label1\" content=\"Geschreven door\" \/>\n\t<meta name=\"twitter:data1\" content=\"amasset\" \/>\n\t<meta name=\"twitter:label2\" content=\"Geschatte leestijd\" \/>\n\t<meta name=\"twitter:data2\" content=\"1 minuut\" \/>\n<script type=\"application\/ld+json\" class=\"yoast-schema-graph\">{\"@context\":\"https:\/\/schema.org\",\"@graph\":[{\"@type\":\"WebPage\",\"@id\":\"https:\/\/fromagedeherve.com\/nl\/2026\/08\/27\/foire-agricole-de-battice-herve-2026\/\",\"url\":\"https:\/\/fromagedeherve.com\/nl\/2026\/08\/27\/foire-agricole-de-battice-herve-2026\/\",\"name\":\"Foire Agricole de Battice-Herve 2026 - ASBL Fromage de Herve\",\"isPartOf\":{\"@id\":\"https:\/\/fromagedeherve.com\/nl\/#website\"},\"primaryImageOfPage\":{\"@id\":\"https:\/\/fromagedeherve.com\/nl\/2026\/08\/27\/foire-agricole-de-battice-herve-2026\/#primaryimage\"},\"image\":{\"@id\":\"https:\/\/fromagedeherve.com\/nl\/2026\/08\/27\/foire-agricole-de-battice-herve-2026\/#primaryimage\"},\"thumbnailUrl\":\"https:\/\/fromagedeherve.com\/wp-content\/uploads\/2026\/08\/A-la-Une-Foire-Agricole-Battice-2026.png\",\"datePublished\":\"2026-08-27T14:57:42+00:00\",\"dateModified\":\"2026-09-03T11:34:47+00:00\",\"author\":{\"@id\":\"https:\/\/fromagedeherve.com\/nl\/#\/schema\/person\/b9eba08ead9fd5f1771d37a06ab467a2\"},\"description\":\"Tous \u00e0 Herve, c'est Capital ! Ev\u00e9nement festif organis\u00e9 dans le cadre des 30 ans de l'obtention de l'AOP fromage de Herve le 4 octobre 2026.\",\"breadcrumb\":{\"@id\":\"https:\/\/fromagedeherve.com\/nl\/2026\/08\/27\/foire-agricole-de-battice-herve-2026\/#breadcrumb\"},\"inLanguage\":\"nl-NL\",\"potentialAction\":[{\"@type\":\"ReadAction\",\"target\":[\"https:\/\/fromagedeherve.com\/nl\/2026\/08\/27\/foire-agricole-de-battice-herve-2026\/\"]}]},{\"@type\":\"ImageObject\",\"inLanguage\":\"nl-NL\",\"@id\":\"https:\/\/fromagedeherve.com\/nl\/2026\/08\/27\/foire-agricole-de-battice-herve-2026\/#primaryimage\",\"url\":\"https:\/\/fromagedeherve.com\/wp-content\/uploads\/2026\/08\/A-la-Une-Foire-Agricole-Battice-2026.png\",\"contentUrl\":\"https:\/\/fromagedeherve.com\/wp-content\/uploads\/2026\/08\/A-la-Une-Foire-Agricole-Battice-2026.png\",\"width\":700,\"height\":600,\"caption\":\"Foire a\"},{\"@type\":\"BreadcrumbList\",\"@id\":\"https:\/\/fromagedeherve.com\/nl\/2026\/08\/27\/foire-agricole-de-battice-herve-2026\/#breadcrumb\",\"itemListElement\":[{\"@type\":\"ListItem\",\"position\":1,\"name\":\"Accueil\",\"item\":\"https:\/\/fromagedeherve.com\/nl\/\"},{\"@type\":\"ListItem\",\"position\":2,\"name\":\"Foire Agricole de Battice-Herve 2026\"}]},{\"@type\":\"WebSite\",\"@id\":\"https:\/\/fromagedeherve.com\/nl\/#website\",\"url\":\"https:\/\/fromagedeherve.com\/nl\/\",\"name\":\"ASBL Fromage de Herve\",\"description\":\"\",\"potentialAction\":[{\"@type\":\"SearchAction\",\"target\":{\"@type\":\"EntryPoint\",\"urlTemplate\":\"https:\/\/fromagedeherve.com\/nl\/?s={search_term_string}\"},\"query-input\":{\"@type\":\"PropertyValueSpecification\",\"valueRequired\":true,\"valueName\":\"search_term_string\"}}],\"inLanguage\":\"nl-NL\"},{\"@type\":\"Person\",\"@id\":\"https:\/\/fromagedeherve.com\/nl\/#\/schema\/person\/b9eba08ead9fd5f1771d37a06ab467a2\",\"name\":\"amasset\",\"image\":{\"@type\":\"ImageObject\",\"inLanguage\":\"nl-NL\",\"@id\":\"https:\/\/fromagedeherve.com\/nl\/#\/schema\/person\/image\/\",\"url\":\"https:\/\/secure.gravatar.com\/avatar\/2cbf2a46270bd9d29626319770a8179e01166e5e6177e4ea2bc96859ed47e945?s=96&d=mm&r=g\",\"contentUrl\":\"https:\/\/secure.gravatar.com\/avatar\/2cbf2a46270bd9d29626319770a8179e01166e5e6177e4ea2bc96859ed47e945?s=96&d=mm&r=g\",\"caption\":\"amasset\"},\"url\":\"https:\/\/fromagedeherve.com\/nl\/author\/amasset\/\"}]}<\/script>\n<!-- \/ Yoast SEO plugin. -->","yoast_head_json":{"title":"Foire Agricole de Battice-Herve 2026 - ASBL Fromage de Herve","description":"Tous \u00e0 Herve, c'est Capital ! Ev\u00e9nement festif organis\u00e9 dans le cadre des 30 ans de l'obtention de l'AOP fromage de Herve le 4 octobre 2026.","robots":{"index":"index","follow":"follow","max-snippet":"max-snippet:-1","max-image-preview":"max-image-preview:large","max-video-preview":"max-video-preview:-1"},"canonical":"https:\/\/fromagedeherve.com\/nl\/2026\/08\/27\/foire-agricole-de-battice-herve-2026\/","og_locale":"nl_NL","og_type":"article","og_title":"Foire Agricole de Battice-Herve 2026 - ASBL Fromage de Herve","og_description":"Tous \u00e0 Herve, c'est Capital ! Ev\u00e9nement festif organis\u00e9 dans le cadre des 30 ans de l'obtention de l'AOP fromage de Herve le 4 octobre 2026.","og_url":"https:\/\/fromagedeherve.com\/nl\/2026\/08\/27\/foire-agricole-de-battice-herve-2026\/","og_site_name":"ASBL Fromage de Herve","article_published_time":"2026-08-27T14:57:42+00:00","article_modified_time":"2026-09-03T11:34:47+00:00","og_image":[{"width":700,"height":600,"url":"https:\/\/fromagedeherve.com\/wp-content\/uploads\/2026\/08\/A-la-Une-Foire-Agricole-Battice-2026.png","type":"image\/png"}],"author":"amasset","twitter_card":"summary_large_image","twitter_misc":{"Geschreven door":"amasset","Geschatte leestijd":"1 minuut"},"schema":{"@context":"https:\/\/schema.org","@graph":[{"@type":"WebPage","@id":"https:\/\/fromagedeherve.com\/nl\/2026\/08\/27\/foire-agricole-de-battice-herve-2026\/","url":"https:\/\/fromagedeherve.com\/nl\/2026\/08\/27\/foire-agricole-de-battice-herve-2026\/","name":"Foire Agricole de Battice-Herve 2026 - ASBL Fromage de Herve","isPartOf":{"@id":"https:\/\/fromagedeherve.com\/nl\/#website"},"primaryImageOfPage":{"@id":"https:\/\/fromagedeherve.com\/nl\/2026\/08\/27\/foire-agricole-de-battice-herve-2026\/#primaryimage"},"image":{"@id":"https:\/\/fromagedeherve.com\/nl\/2026\/08\/27\/foire-agricole-de-battice-herve-2026\/#primaryimage"},"thumbnailUrl":"https:\/\/fromagedeherve.com\/wp-content\/uploads\/2026\/08\/A-la-Une-Foire-Agricole-Battice-2026.png","datePublished":"2026-08-27T14:57:42+00:00","dateModified":"2026-09-03T11:34:47+00:00","author":{"@id":"https:\/\/fromagedeherve.com\/nl\/#\/schema\/person\/b9eba08ead9fd5f1771d37a06ab467a2"},"description":"Tous \u00e0 Herve, c'est Capital ! Ev\u00e9nement festif organis\u00e9 dans le cadre des 30 ans de l'obtention de l'AOP fromage de Herve le 4 octobre 2026.","breadcrumb":{"@id":"https:\/\/fromagedeherve.com\/nl\/2026\/08\/27\/foire-agricole-de-battice-herve-2026\/#breadcrumb"},"inLanguage":"nl-NL","potentialAction":[{"@type":"ReadAction","target":["https:\/\/fromagedeherve.com\/nl\/2026\/08\/27\/foire-agricole-de-battice-herve-2026\/"]}]},{"@type":"ImageObject","inLanguage":"nl-NL","@id":"https:\/\/fromagedeherve.com\/nl\/2026\/08\/27\/foire-agricole-de-battice-herve-2026\/#primaryimage","url":"https:\/\/fromagedeherve.com\/wp-content\/uploads\/2026\/08\/A-la-Une-Foire-Agricole-Battice-2026.png","contentUrl":"https:\/\/fromagedeherve.com\/wp-content\/uploads\/2026\/08\/A-la-Une-Foire-Agricole-Battice-2026.png","width":700,"height":600,"caption":"Foire a"},{"@type":"BreadcrumbList","@id":"https:\/\/fromagedeherve.com\/nl\/2026\/08\/27\/foire-agricole-de-battice-herve-2026\/#breadcrumb","itemListElement":[{"@type":"ListItem","position":1,"name":"Accueil","item":"https:\/\/fromagedeherve.com\/nl\/"},{"@type":"ListItem","position":2,"name":"Foire Agricole de Battice-Herve 2026"}]},{"@type":"WebSite","@id":"https:\/\/fromagedeherve.com\/nl\/#website","url":"https:\/\/fromagedeherve.com\/nl\/","name":"ASBL Fromage de Herve","description":"","potentialAction":[{"@type":"SearchAction","target":{"@type":"EntryPoint","urlTemplate":"https:\/\/fromagedeherve.com\/nl\/?s={search_term_string}"},"query-input":{"@type":"PropertyValueSpecification","valueRequired":true,"valueName":"search_term_string"}}],"inLanguage":"nl-NL"},{"@type":"Person","@id":"https:\/\/fromagedeherve.com\/nl\/#\/schema\/person\/b9eba08ead9fd5f1771d37a06ab467a2","name":"amasset","image":{"@type":"ImageObject","inLanguage":"nl-NL","@id":"https:\/\/fromagedeherve.com\/nl\/#\/schema\/person\/image\/","url":"https:\/\/secure.gravatar.com\/avatar\/2cbf2a46270bd9d29626319770a8179e01166e5e6177e4ea2bc96859ed47e945?s=96&d=mm&r=g","contentUrl":"https:\/\/secure.gravatar.com\/avatar\/2cbf2a46270bd9d29626319770a8179e01166e5e6177e4ea2bc96859ed47e945?s=96&d=mm&r=g","caption":"amasset"},"url":"https:\/\/fromagedeherve.com\/nl\/author\/amasset\/"}]}},"_links":{"self":[{"href":"https:\/\/fromagedeherve.com\/nl\/wp-json\/wp\/v2\/posts\/5072","targetHints":{"allow":["GET"]}}],"collection":[{"href":"https:\/\/fromagedeherve.com\/nl\/wp-json\/wp\/v2\/posts"}],"about":[{"href":"https:\/\/fromagedeherve.com\/nl\/wp-json\/wp\/v2\/types\/post"}],"author":[{"embeddable":true,"href":"https:\/\/fromagedeherve.com\/nl\/wp-json\/wp\/v2\/users\/3"}],"replies":[{"embeddable":true,"href":"https:\/\/fromagedeherve.com\/nl\/wp-json\/wp\/v2\/comments?post=5072"}],"version-history":[{"count":1,"href":"https:\/\/fromagedeherve.com\/nl\/wp-json\/wp\/v2\/posts\/5072\/revisions"}],"predecessor-version":[{"id":5073,"href":"https:\/\/fromagedeherve.com\/nl\/wp-json\/wp\/v2\/posts\/5072\/revisions\/5073"}],"wp:featuredmedia":[{"embeddable":true,"href":"https:\/\/fromagedeherve.com\/nl\/wp-json\/wp\/v2\/media\/5036"}],"wp:attachment":[{"href":"https:\/\/fromagedeherve.com\/nl\/wp-json\/wp\/v2\/media?parent=5072"}],"wp:term":[{"taxonomy":"category","embeddable":true,"href":"https:\/\/fromagedeherve.com\/nl\/wp-json\/wp\/v2\/categories?post=5072"},{"taxonomy":"post_tag","embeddable":true,"href":"https:\/\/fromagedeherve.com\/nl\/wp-json\/wp\/v2\/tags?post=5072"}],"curies":[{"name":"wp","href":"https:\/\/api.w.org\/{rel}","templated":true}]}}